{"id":3453,"date":"2025-04-29T17:00:40","date_gmt":"2025-04-29T15:00:40","guid":{"rendered":"https:\/\/swisstimberengineers.ch\/2025\/04\/29\/holztalk-chez-veriset-ag-a-root-lu-11-juin-2025\/"},"modified":"2025-04-29T17:03:19","modified_gmt":"2025-04-29T15:03:19","slug":"holztalk-chez-veriset-ag-a-root-lu-11-juin-2025","status":"publish","type":"post","link":"https:\/\/swisstimberengineers.ch\/fr\/2025\/04\/29\/holztalk-chez-veriset-ag-a-root-lu-11-juin-2025\/","title":{"rendered":"holzTalk chez Veriset AG \u00e0 Root LU &#8211; 11 juin 2025"},"content":{"rendered":"\n<p><strong>OKR dans le secteur de la cuisine. Le bon ingr\u00e9dient pour r\u00e9ussir ? <\/strong><\/p>\n\n<figure class=\"wp-block-image size-full is-resized\"><img decoding=\"async\" width=\"1000\" height=\"750\" src=\"https:\/\/swisstimberengineers.ch\/wp-content\/uploads\/2025\/04\/Bild_STE_JK_Kleiner-fuer-Bulletin.jpg\" alt=\"\" class=\"wp-image-3447\" style=\"width:1056px;height:auto\" srcset=\"https:\/\/swisstimberengineers.ch\/wp-content\/uploads\/2025\/04\/Bild_STE_JK_Kleiner-fuer-Bulletin.jpg 1000w, https:\/\/swisstimberengineers.ch\/wp-content\/uploads\/2025\/04\/Bild_STE_JK_Kleiner-fuer-Bulletin-300x225.jpg 300w, https:\/\/swisstimberengineers.ch\/wp-content\/uploads\/2025\/04\/Bild_STE_JK_Kleiner-fuer-Bulletin-768x576.jpg 768w\" sizes=\"(max-width: 1000px) 100vw, 1000px\" \/><figcaption class=\"wp-element-caption\"><em>Source de l&rsquo;image : <em><em>Veriset AG<\/em><\/em><\/em><\/figcaption><\/figure>\n\n<div class=\"wp-block-columns is-layout-flex wp-container-core-columns-is-layout-28f84493 wp-block-columns-is-layout-flex\">\n<div class=\"wp-block-column is-layout-flow wp-block-column-is-layout-flow\">\n<p>Veriset AG fabrique sur son site de Root des cuisines en taille de lot 1 pour le march\u00e9 suisse des cuisines. Depuis environ deux ans, nous d\u00e9veloppons continuellement notre entreprise avec le cadre OKR. Lors de l&rsquo;\u00e9v\u00e9nement, nous donnerons un aper\u00e7u direct de notre m\u00e9thode de travail et montrerons les opportunit\u00e9s et les d\u00e9fis qui en d\u00e9coulent.  <\/p>\n<\/div>\n<\/div>\n\n<p><strong>Date<\/strong>: mercredi 11 juin 2025<strong><br\/>Lieu de rendez-vous :<\/strong> est dans le b\u00e2timent : Oberfeld 8, 6037 Root<\/p>\n\n<p><strong>Intervenants :<\/strong> <br\/>&#8211; Rafael Duss, directeur de l&rsquo;innovation et de la commercialisation<br\/>&#8211; Jonathan Baumann, coach en strat\u00e9gie<br\/>&#8211; Adrian Fleischlin, directeur du d\u00e9veloppement des produits<\/p>\n\n<p><strong>Programme :<\/strong><br\/>15:00 Arriv\u00e9e au point de rencontre<br\/>15:15 Expos\u00e9 introductif<br\/>16:00 Visite de l&rsquo;entreprise<br\/>17:00 R\u00e9seautage, ap\u00e9ritif dans l&rsquo;exposition de cuisines<\/p>\n\n<p><strong>Acc\u00e8s :<\/strong><br\/>recommand\u00e9 avec les transports publics jusqu&rsquo;\u00e0 Root D4, gare, puis 4 minutes de marche jusqu&rsquo;\u00e0 Oberfeld 8<\/p>\n\n<p><strong><a href=\"https:\/\/tally.so\/r\/w7M8KZ\" target=\"_blank\" rel=\"noreferrer noopener\">Lien d&rsquo;inscription<\/a><\/strong><br\/>Le nombre de participants est limit\u00e9 \u00e0 20.<br\/>Date limite d&rsquo;inscription : mercredi 4 juin 2025  <\/p>\n\n<figure class=\"wp-block-image size-full is-resized\"><img decoding=\"async\" width=\"1584\" height=\"1584\" src=\"https:\/\/swisstimberengineers.ch\/wp-content\/uploads\/2025\/04\/QR-Veriset.png\" alt=\"\" class=\"wp-image-3449\" style=\"width:256px;height:256px\" srcset=\"https:\/\/swisstimberengineers.ch\/wp-content\/uploads\/2025\/04\/QR-Veriset.png 1584w, https:\/\/swisstimberengineers.ch\/wp-content\/uploads\/2025\/04\/QR-Veriset-300x300.png 300w, https:\/\/swisstimberengineers.ch\/wp-content\/uploads\/2025\/04\/QR-Veriset-1024x1024.png 1024w, https:\/\/swisstimberengineers.ch\/wp-content\/uploads\/2025\/04\/QR-Veriset-150x150.png 150w, https:\/\/swisstimberengineers.ch\/wp-content\/uploads\/2025\/04\/QR-Veriset-768x768.png 768w, https:\/\/swisstimberengineers.ch\/wp-content\/uploads\/2025\/04\/QR-Veriset-1536x1536.png 1536w\" sizes=\"(max-width: 1584px) 100vw, 1584px\" \/><\/figure>\n","protected":false},"excerpt":{"rendered":"<p>OKR dans le secteur de la cuisine. Le bon ingr\u00e9dient pour r\u00e9ussir ? <\/p>\n","protected":false},"author":4,"featured_media":2357,"comment_status":"closed","ping_status":"closed","sticky":false,"template":"","format":"standard","meta":{"site-sidebar-layout":"default","site-content-layout":null,"ast-site-content-layout":"normal-width-container","site-content-style":"boxed","site-sidebar-style":"boxed","ast-global-header-display":"","ast-banner-title-visibility":"","ast-main-header-display":"","ast-hfb-above-header-display":null,"ast-hfb-below-header-display":null,"ast-hfb-mobile-header-display":null,"site-post-title":"","ast-breadcrumbs-content":null,"ast-featured-img":"","footer-sml-layout":null,"ast-disable-related-posts":"","theme-transparent-header-meta":"default","adv-header-id-meta":null,"stick-header-meta":null,"header-above-stick-meta":null,"header-main-stick-meta":null,"header-below-stick-meta":null,"astra-migrate-meta-layouts":"default","ast-page-background-enabled":"default","ast-page-background-meta":{"desktop":{"background-color":"","background-image":"","background-repeat":"repeat","background-position":"center center","background-size":"auto","background-attachment":"scroll","background-type":"","background-media":"","overlay-type":"","overlay-color":"","overlay-opacity":"","overlay-gradient":""},"tablet":{"background-color":"","background-image":"","background-repeat":"repeat","background-position":"center center","background-size":"auto","background-attachment":"scroll","background-type":"","background-media":"","overlay-type":"","overlay-color":"","overlay-opacity":"","overlay-gradient":""},"mobile":{"background-color":"","background-image":"","background-repeat":"repeat","background-position":"center center","background-size":"auto","background-attachment":"scroll","background-type":"","background-media":"","overlay-type":"","overlay-color":"","overlay-opacity":"","overlay-gradient":""}},"ast-content-background-meta":{"desktop":{"background-color":"var(--ast-global-color-5)","background-image":"","background-repeat":"repeat","background-position":"center center","background-size":"auto","background-attachment":"scroll","background-type":"","background-media":"","overlay-type":"","overlay-color":"","overlay-opacity":"","overlay-gradient":""},"tablet":{"background-color":"var(--ast-global-color-5)","background-image":"","background-repeat":"repeat","background-position":"center center","background-size":"auto","background-attachment":"scroll","background-type":"","background-media":"","overlay-type":"","overlay-color":"","overlay-opacity":"","overlay-gradient":""},"mobile":{"background-color":"var(--ast-global-color-5)","background-image":"","background-repeat":"repeat","background-position":"center center","background-size":"auto","background-attachment":"scroll","background-type":"","background-media":"","overlay-type":"","overlay-color":"","overlay-opacity":"","overlay-gradient":""}},"footnotes":""},"categories":[21],"tags":[29,27,28],"class_list":["post-3453","post","type-post","status-publish","format-standard","has-post-thumbnail","hentry","category-ste-fr","tag-cuisines","tag-holztalk-fr","tag-veriset-fr"],"_links":{"self":[{"href":"https:\/\/swisstimberengineers.ch\/fr\/wp-json\/wp\/v2\/posts\/3453","targetHints":{"allow":["GET"]}}],"collection":[{"href":"https:\/\/swisstimberengineers.ch\/fr\/wp-json\/wp\/v2\/posts"}],"about":[{"href":"https:\/\/swisstimberengineers.ch\/fr\/wp-json\/wp\/v2\/types\/post"}],"author":[{"embeddable":true,"href":"https:\/\/swisstimberengineers.ch\/fr\/wp-json\/wp\/v2\/users\/4"}],"replies":[{"embeddable":true,"href":"https:\/\/swisstimberengineers.ch\/fr\/wp-json\/wp\/v2\/comments?post=3453"}],"version-history":[{"count":1,"href":"https:\/\/swisstimberengineers.ch\/fr\/wp-json\/wp\/v2\/posts\/3453\/revisions"}],"predecessor-version":[{"id":3454,"href":"https:\/\/swisstimberengineers.ch\/fr\/wp-json\/wp\/v2\/posts\/3453\/revisions\/3454"}],"wp:featuredmedia":[{"embeddable":true,"href":"https:\/\/swisstimberengineers.ch\/fr\/wp-json\/wp\/v2\/media\/2357"}],"wp:attachment":[{"href":"https:\/\/swisstimberengineers.ch\/fr\/wp-json\/wp\/v2\/media?parent=3453"}],"wp:term":[{"taxonomy":"category","embeddable":true,"href":"https:\/\/swisstimberengineers.ch\/fr\/wp-json\/wp\/v2\/categories?post=3453"},{"taxonomy":"post_tag","embeddable":true,"href":"https:\/\/swisstimberengineers.ch\/fr\/wp-json\/wp\/v2\/tags?post=3453"}],"curies":[{"name":"wp","href":"https:\/\/api.w.org\/{rel}","templated":true}]}}